{"id":1159,"date":"2026-02-28T15:14:53","date_gmt":"2026-02-28T14:14:53","guid":{"rendered":"https:\/\/www.xn--schtzengilde-mildstedt-ulc.de\/?p=1159"},"modified":"2026-02-28T15:19:21","modified_gmt":"2026-02-28T14:19:21","slug":"jahreshauptversammlung-2026","status":"publish","type":"post","link":"https:\/\/www.xn--schtzengilde-mildstedt-ulc.de\/?p=1159","title":{"rendered":"Jahreshauptversammlung 2026"},"content":{"rendered":"\n<figure class=\"wp-block-image size-large is-resized\"><img loading=\"lazy\" decoding=\"async\" width=\"400\" height=\"300\" src=\"https:\/\/www.xn--schtzengilde-mildstedt-ulc.de\/wp-content\/uploads\/2026\/02\/20260227_214444-400x300.jpg\" alt=\"\" class=\"wp-image-1160\" style=\"width:784px;height:auto\" srcset=\"https:\/\/www.xn--schtzengilde-mildstedt-ulc.de\/wp-content\/uploads\/2026\/02\/20260227_214444-400x300.jpg 400w, https:\/\/www.xn--schtzengilde-mildstedt-ulc.de\/wp-content\/uploads\/2026\/02\/20260227_214444-300x225.jpg 300w, https:\/\/www.xn--schtzengilde-mildstedt-ulc.de\/wp-content\/uploads\/2026\/02\/20260227_214444-768x576.jpg 768w, https:\/\/www.xn--schtzengilde-mildstedt-ulc.de\/wp-content\/uploads\/2026\/02\/20260227_214444-1536x1152.jpg 1536w, https:\/\/www.xn--schtzengilde-mildstedt-ulc.de\/wp-content\/uploads\/2026\/02\/20260227_214444-2048x1536.jpg 2048w\" sizes=\"auto, (max-width: 400px) 100vw, 400px\" \/><\/figure>\n\n\n\n<p>Die frisch gew\u00e4hlten mit Dominik von links:, Jan B., Jenny, Finn, Annika, Levka, Marvin, Andreas und Sven.<br><br>Bei der Jahreshauptversammlung (JHV) der Sch\u00fctzengilde Mildstedt wurde noch einmal das vergangene Jahr 2025 beleuchtet und eine Vorausschau auf die Ereignisse des laufenden Jahres gegeben. Das Sch\u00fctzenfest vom 3. &#8211; 5. Juli 2026 soll wieder das zentrale Event der Sch\u00fctzengilde werden. Daneben werden noch weitere Veranstaltungen wie das B\u00fcrgermeisterpokal-schie\u00dfen am 22.03.2026 in diesem Jahr durchgef\u00fchrt, wie aus dem <a href=\"https:\/\/www.xn--schtzengilde-mildstedt-ulc.de\/?page_id=163\">Terminplan<\/a> ersichtlich ist. <br><br>Der zentrale Punkt der JHV waren die zahlreiche Wahlen. Dominik hat als 2. Vorsitzender die Veranstaltung souver\u00e4n geleitet. Gew\u00e4hlt wurden Finn als Kassenwart, Jennifer als Schriftf\u00fchrerin, Jan B. als Schie\u00dfwart, Marvin als Fahnentr\u00e4ger, Levka als Festausschuss, Jan N. als Kassenpr\u00fcfer, Sven als stv. Kassenwart, Annika als stv. Schriftf\u00fchrerin, und Andreas als Getr\u00e4nkewart.<br><br>Gl\u00fcckwusch an alle Gew\u00e4hlten und ein dreifach gut Schuss!<\/p>\n\n\n\n<figure class=\"wp-block-image size-large is-resized\"><img loading=\"lazy\" decoding=\"async\" width=\"400\" height=\"300\" src=\"https:\/\/www.xn--schtzengilde-mildstedt-ulc.de\/wp-content\/uploads\/2026\/02\/20260227_205046-400x300.jpg\" alt=\"\" class=\"wp-image-1161\" style=\"width:748px;height:auto\" srcset=\"https:\/\/www.xn--schtzengilde-mildstedt-ulc.de\/wp-content\/uploads\/2026\/02\/20260227_205046-400x300.jpg 400w, https:\/\/www.xn--schtzengilde-mildstedt-ulc.de\/wp-content\/uploads\/2026\/02\/20260227_205046-300x225.jpg 300w, https:\/\/www.xn--schtzengilde-mildstedt-ulc.de\/wp-content\/uploads\/2026\/02\/20260227_205046-768x576.jpg 768w, https:\/\/www.xn--schtzengilde-mildstedt-ulc.de\/wp-content\/uploads\/2026\/02\/20260227_205046-1536x1152.jpg 1536w, https:\/\/www.xn--schtzengilde-mildstedt-ulc.de\/wp-content\/uploads\/2026\/02\/20260227_205046-2048x1536.jpg 2048w\" sizes=\"auto, (max-width: 400px) 100vw, 400px\" \/><\/figure>\n\n\n\n<p>Zasta Ede (Sven) und Finn tauschten die Funktionen des Kassenwartes und des Stellvertreters. Die \u00dcbergabe des Geldkoffers fand verstohlen in der Ecke statt.<br> <\/p>\n","protected":false},"excerpt":{"rendered":"<p>Die frisch gew\u00e4hlten mit Dominik von links:, Jan B., Jenny, Finn, Annika, Levka, Marvin, Andreas und Sven. Bei der Jahreshauptversammlung (JHV) der Sch\u00fctzengilde Mildstedt wurde noch einmal das vergangene Jahr 2025 beleuchtet und eine Vorausschau auf die Ereignisse des laufenden Jahres gegeben. Das Sch\u00fctzenfest vom 3. &#8211; 5. Juli 2026 soll wieder das zentrale Event der Sch\u00fctzengilde werden. Daneben werden noch weitere Veranstaltungen wie das B\u00fcrgermeisterpokal-schie\u00dfen am 22.03.2026 in diesem&#46;&#46;&#46;<\/p>\n","protected":false},"author":2,"featured_media":0,"comment_status":"closed","ping_status":"closed","sticky":false,"template":"","format":"standard","meta":{"footnotes":""},"categories":[1],"tags":[],"class_list":["post-1159","post","type-post","status-publish","format-standard","hentry","category-allgemein"],"yoast_head":"<!-- This site is optimized with the Yoast SEO plugin v27.2 - https:\/\/yoast.com\/product\/yoast-seo-wordpress\/ -->\n<title>Jahreshauptversammlung 2026 - Sch\u00fctzengilde Mildstedt<\/title>\n<meta name=\"robots\" content=\"index, follow, max-snippet:-1, max-image-preview:large, max-video-preview:-1\" \/>\n<link rel=\"canonical\" href=\"https:\/\/www.xn--schtzengilde-mildstedt-ulc.de\/?p=1159\" \/>\n<meta property=\"og:locale\" content=\"de_DE\" \/>\n<meta property=\"og:type\" content=\"article\" \/>\n<meta property=\"og:title\" content=\"Jahreshauptversammlung 2026 - Sch\u00fctzengilde Mildstedt\" \/>\n<meta property=\"og:description\" content=\"Die frisch gew\u00e4hlten mit Dominik von links:, Jan B., Jenny, Finn, Annika, Levka, Marvin, Andreas und Sven. Bei der Jahreshauptversammlung (JHV) der Sch\u00fctzengilde Mildstedt wurde noch einmal das vergangene Jahr 2025 beleuchtet und eine Vorausschau auf die Ereignisse des laufenden Jahres gegeben. Das Sch\u00fctzenfest vom 3. &#8211; 5. Juli 2026 soll wieder das zentrale Event der Sch\u00fctzengilde werden. Daneben werden noch weitere Veranstaltungen wie das B\u00fcrgermeisterpokal-schie\u00dfen am 22.03.2026 in diesem&#046;&#046;&#046;\" \/>\n<meta property=\"og:url\" content=\"https:\/\/www.xn--schtzengilde-mildstedt-ulc.de\/?p=1159\" \/>\n<meta property=\"og:site_name\" content=\"Sch\u00fctzengilde Mildstedt\" \/>\n<meta property=\"article:published_time\" content=\"2026-02-28T14:14:53+00:00\" \/>\n<meta property=\"article:modified_time\" content=\"2026-02-28T14:19:21+00:00\" \/>\n<meta property=\"og:image\" content=\"https:\/\/www.xn--schtzengilde-mildstedt-ulc.de\/wp-content\/uploads\/2026\/02\/20260227_214444-scaled.jpg\" \/>\n\t<meta property=\"og:image:width\" content=\"2560\" \/>\n\t<meta property=\"og:image:height\" content=\"1920\" \/>\n\t<meta property=\"og:image:type\" content=\"image\/jpeg\" \/>\n<meta name=\"author\" content=\"Alfred Wittern\" \/>\n<meta name=\"twitter:card\" content=\"summary_large_image\" \/>\n<meta name=\"twitter:label1\" content=\"Verfasst von\" \/>\n\t<meta name=\"twitter:data1\" content=\"Alfred Wittern\" \/>\n\t<meta name=\"twitter:label2\" content=\"Gesch\u00e4tzte Lesezeit\" \/>\n\t<meta name=\"twitter:data2\" content=\"2\u00a0Minuten\" \/>\n<script type=\"application\/ld+json\" class=\"yoast-schema-graph\">{\"@context\":\"https:\/\/schema.org\",\"@graph\":[{\"@type\":\"Article\",\"@id\":\"https:\/\/www.xn--schtzengilde-mildstedt-ulc.de\/?p=1159#article\",\"isPartOf\":{\"@id\":\"https:\/\/www.xn--schtzengilde-mildstedt-ulc.de\/?p=1159\"},\"author\":{\"name\":\"Alfred Wittern\",\"@id\":\"https:\/\/www.xn--schtzengilde-mildstedt-ulc.de\/#\/schema\/person\/e65e12452beba811e36a618b741f214f\"},\"headline\":\"Jahreshauptversammlung 2026\",\"datePublished\":\"2026-02-28T14:14:53+00:00\",\"dateModified\":\"2026-02-28T14:19:21+00:00\",\"mainEntityOfPage\":{\"@id\":\"https:\/\/www.xn--schtzengilde-mildstedt-ulc.de\/?p=1159\"},\"wordCount\":174,\"image\":{\"@id\":\"https:\/\/www.xn--schtzengilde-mildstedt-ulc.de\/?p=1159#primaryimage\"},\"thumbnailUrl\":\"https:\/\/www.xn--schtzengilde-mildstedt-ulc.de\/wp-content\/uploads\/2026\/02\/20260227_214444-400x300.jpg\",\"inLanguage\":\"de\"},{\"@type\":\"WebPage\",\"@id\":\"https:\/\/www.xn--schtzengilde-mildstedt-ulc.de\/?p=1159\",\"url\":\"https:\/\/www.xn--schtzengilde-mildstedt-ulc.de\/?p=1159\",\"name\":\"Jahreshauptversammlung 2026 - Sch\u00fctzengilde Mildstedt\",\"isPartOf\":{\"@id\":\"https:\/\/www.xn--schtzengilde-mildstedt-ulc.de\/#website\"},\"primaryImageOfPage\":{\"@id\":\"https:\/\/www.xn--schtzengilde-mildstedt-ulc.de\/?p=1159#primaryimage\"},\"image\":{\"@id\":\"https:\/\/www.xn--schtzengilde-mildstedt-ulc.de\/?p=1159#primaryimage\"},\"thumbnailUrl\":\"https:\/\/www.xn--schtzengilde-mildstedt-ulc.de\/wp-content\/uploads\/2026\/02\/20260227_214444-400x300.jpg\",\"datePublished\":\"2026-02-28T14:14:53+00:00\",\"dateModified\":\"2026-02-28T14:19:21+00:00\",\"author\":{\"@id\":\"https:\/\/www.xn--schtzengilde-mildstedt-ulc.de\/#\/schema\/person\/e65e12452beba811e36a618b741f214f\"},\"breadcrumb\":{\"@id\":\"https:\/\/www.xn--schtzengilde-mildstedt-ulc.de\/?p=1159#breadcrumb\"},\"inLanguage\":\"de\",\"potentialAction\":[{\"@type\":\"ReadAction\",\"target\":[\"https:\/\/www.xn--schtzengilde-mildstedt-ulc.de\/?p=1159\"]}]},{\"@type\":\"ImageObject\",\"inLanguage\":\"de\",\"@id\":\"https:\/\/www.xn--schtzengilde-mildstedt-ulc.de\/?p=1159#primaryimage\",\"url\":\"https:\/\/www.xn--schtzengilde-mildstedt-ulc.de\/wp-content\/uploads\/2026\/02\/20260227_214444-scaled.jpg\",\"contentUrl\":\"https:\/\/www.xn--schtzengilde-mildstedt-ulc.de\/wp-content\/uploads\/2026\/02\/20260227_214444-scaled.jpg\",\"width\":2560,\"height\":1920},{\"@type\":\"BreadcrumbList\",\"@id\":\"https:\/\/www.xn--schtzengilde-mildstedt-ulc.de\/?p=1159#breadcrumb\",\"itemListElement\":[{\"@type\":\"ListItem\",\"position\":1,\"name\":\"Startseite\",\"item\":\"https:\/\/www.xn--schtzengilde-mildstedt-ulc.de\/\"},{\"@type\":\"ListItem\",\"position\":2,\"name\":\"Jahreshauptversammlung 2026\"}]},{\"@type\":\"WebSite\",\"@id\":\"https:\/\/www.xn--schtzengilde-mildstedt-ulc.de\/#website\",\"url\":\"https:\/\/www.xn--schtzengilde-mildstedt-ulc.de\/\",\"name\":\"Sch\u00fctzengilde Mildstedt\",\"description\":\"Die beste Sch\u00fctzengilde der Welt\",\"potentialAction\":[{\"@type\":\"SearchAction\",\"target\":{\"@type\":\"EntryPoint\",\"urlTemplate\":\"https:\/\/www.xn--schtzengilde-mildstedt-ulc.de\/?s={search_term_string}\"},\"query-input\":{\"@type\":\"PropertyValueSpecification\",\"valueRequired\":true,\"valueName\":\"search_term_string\"}}],\"inLanguage\":\"de\"},{\"@type\":\"Person\",\"@id\":\"https:\/\/www.xn--schtzengilde-mildstedt-ulc.de\/#\/schema\/person\/e65e12452beba811e36a618b741f214f\",\"name\":\"Alfred Wittern\",\"url\":\"https:\/\/www.xn--schtzengilde-mildstedt-ulc.de\/?author=2\"}]}<\/script>\n<!-- \/ Yoast SEO plugin. -->","yoast_head_json":{"title":"Jahreshauptversammlung 2026 - Sch\u00fctzengilde Mildstedt","robots":{"index":"index","follow":"follow","max-snippet":"max-snippet:-1","max-image-preview":"max-image-preview:large","max-video-preview":"max-video-preview:-1"},"canonical":"https:\/\/www.xn--schtzengilde-mildstedt-ulc.de\/?p=1159","og_locale":"de_DE","og_type":"article","og_title":"Jahreshauptversammlung 2026 - Sch\u00fctzengilde Mildstedt","og_description":"Die frisch gew\u00e4hlten mit Dominik von links:, Jan B., Jenny, Finn, Annika, Levka, Marvin, Andreas und Sven. Bei der Jahreshauptversammlung (JHV) der Sch\u00fctzengilde Mildstedt wurde noch einmal das vergangene Jahr 2025 beleuchtet und eine Vorausschau auf die Ereignisse des laufenden Jahres gegeben. Das Sch\u00fctzenfest vom 3. &#8211; 5. Juli 2026 soll wieder das zentrale Event der Sch\u00fctzengilde werden. Daneben werden noch weitere Veranstaltungen wie das B\u00fcrgermeisterpokal-schie\u00dfen am 22.03.2026 in diesem&#46;&#46;&#46;","og_url":"https:\/\/www.xn--schtzengilde-mildstedt-ulc.de\/?p=1159","og_site_name":"Sch\u00fctzengilde Mildstedt","article_published_time":"2026-02-28T14:14:53+00:00","article_modified_time":"2026-02-28T14:19:21+00:00","og_image":[{"width":2560,"height":1920,"url":"https:\/\/www.xn--schtzengilde-mildstedt-ulc.de\/wp-content\/uploads\/2026\/02\/20260227_214444-scaled.jpg","type":"image\/jpeg"}],"author":"Alfred Wittern","twitter_card":"summary_large_image","twitter_misc":{"Verfasst von":"Alfred Wittern","Gesch\u00e4tzte Lesezeit":"2\u00a0Minuten"},"schema":{"@context":"https:\/\/schema.org","@graph":[{"@type":"Article","@id":"https:\/\/www.xn--schtzengilde-mildstedt-ulc.de\/?p=1159#article","isPartOf":{"@id":"https:\/\/www.xn--schtzengilde-mildstedt-ulc.de\/?p=1159"},"author":{"name":"Alfred Wittern","@id":"https:\/\/www.xn--schtzengilde-mildstedt-ulc.de\/#\/schema\/person\/e65e12452beba811e36a618b741f214f"},"headline":"Jahreshauptversammlung 2026","datePublished":"2026-02-28T14:14:53+00:00","dateModified":"2026-02-28T14:19:21+00:00","mainEntityOfPage":{"@id":"https:\/\/www.xn--schtzengilde-mildstedt-ulc.de\/?p=1159"},"wordCount":174,"image":{"@id":"https:\/\/www.xn--schtzengilde-mildstedt-ulc.de\/?p=1159#primaryimage"},"thumbnailUrl":"https:\/\/www.xn--schtzengilde-mildstedt-ulc.de\/wp-content\/uploads\/2026\/02\/20260227_214444-400x300.jpg","inLanguage":"de"},{"@type":"WebPage","@id":"https:\/\/www.xn--schtzengilde-mildstedt-ulc.de\/?p=1159","url":"https:\/\/www.xn--schtzengilde-mildstedt-ulc.de\/?p=1159","name":"Jahreshauptversammlung 2026 - Sch\u00fctzengilde Mildstedt","isPartOf":{"@id":"https:\/\/www.xn--schtzengilde-mildstedt-ulc.de\/#website"},"primaryImageOfPage":{"@id":"https:\/\/www.xn--schtzengilde-mildstedt-ulc.de\/?p=1159#primaryimage"},"image":{"@id":"https:\/\/www.xn--schtzengilde-mildstedt-ulc.de\/?p=1159#primaryimage"},"thumbnailUrl":"https:\/\/www.xn--schtzengilde-mildstedt-ulc.de\/wp-content\/uploads\/2026\/02\/20260227_214444-400x300.jpg","datePublished":"2026-02-28T14:14:53+00:00","dateModified":"2026-02-28T14:19:21+00:00","author":{"@id":"https:\/\/www.xn--schtzengilde-mildstedt-ulc.de\/#\/schema\/person\/e65e12452beba811e36a618b741f214f"},"breadcrumb":{"@id":"https:\/\/www.xn--schtzengilde-mildstedt-ulc.de\/?p=1159#breadcrumb"},"inLanguage":"de","potentialAction":[{"@type":"ReadAction","target":["https:\/\/www.xn--schtzengilde-mildstedt-ulc.de\/?p=1159"]}]},{"@type":"ImageObject","inLanguage":"de","@id":"https:\/\/www.xn--schtzengilde-mildstedt-ulc.de\/?p=1159#primaryimage","url":"https:\/\/www.xn--schtzengilde-mildstedt-ulc.de\/wp-content\/uploads\/2026\/02\/20260227_214444-scaled.jpg","contentUrl":"https:\/\/www.xn--schtzengilde-mildstedt-ulc.de\/wp-content\/uploads\/2026\/02\/20260227_214444-scaled.jpg","width":2560,"height":1920},{"@type":"BreadcrumbList","@id":"https:\/\/www.xn--schtzengilde-mildstedt-ulc.de\/?p=1159#breadcrumb","itemListElement":[{"@type":"ListItem","position":1,"name":"Startseite","item":"https:\/\/www.xn--schtzengilde-mildstedt-ulc.de\/"},{"@type":"ListItem","position":2,"name":"Jahreshauptversammlung 2026"}]},{"@type":"WebSite","@id":"https:\/\/www.xn--schtzengilde-mildstedt-ulc.de\/#website","url":"https:\/\/www.xn--schtzengilde-mildstedt-ulc.de\/","name":"Sch\u00fctzengilde Mildstedt","description":"Die beste Sch\u00fctzengilde der Welt","potentialAction":[{"@type":"SearchAction","target":{"@type":"EntryPoint","urlTemplate":"https:\/\/www.xn--schtzengilde-mildstedt-ulc.de\/?s={search_term_string}"},"query-input":{"@type":"PropertyValueSpecification","valueRequired":true,"valueName":"search_term_string"}}],"inLanguage":"de"},{"@type":"Person","@id":"https:\/\/www.xn--schtzengilde-mildstedt-ulc.de\/#\/schema\/person\/e65e12452beba811e36a618b741f214f","name":"Alfred Wittern","url":"https:\/\/www.xn--schtzengilde-mildstedt-ulc.de\/?author=2"}]}},"_links":{"self":[{"href":"https:\/\/www.xn--schtzengilde-mildstedt-ulc.de\/index.php?rest_route=\/wp\/v2\/posts\/1159","targetHints":{"allow":["GET"]}}],"collection":[{"href":"https:\/\/www.xn--schtzengilde-mildstedt-ulc.de\/index.php?rest_route=\/wp\/v2\/posts"}],"about":[{"href":"https:\/\/www.xn--schtzengilde-mildstedt-ulc.de\/index.php?rest_route=\/wp\/v2\/types\/post"}],"author":[{"embeddable":true,"href":"https:\/\/www.xn--schtzengilde-mildstedt-ulc.de\/index.php?rest_route=\/wp\/v2\/users\/2"}],"replies":[{"embeddable":true,"href":"https:\/\/www.xn--schtzengilde-mildstedt-ulc.de\/index.php?rest_route=%2Fwp%2Fv2%2Fcomments&post=1159"}],"version-history":[{"count":2,"href":"https:\/\/www.xn--schtzengilde-mildstedt-ulc.de\/index.php?rest_route=\/wp\/v2\/posts\/1159\/revisions"}],"predecessor-version":[{"id":1164,"href":"https:\/\/www.xn--schtzengilde-mildstedt-ulc.de\/index.php?rest_route=\/wp\/v2\/posts\/1159\/revisions\/1164"}],"wp:attachment":[{"href":"https:\/\/www.xn--schtzengilde-mildstedt-ulc.de\/index.php?rest_route=%2Fwp%2Fv2%2Fmedia&parent=1159"}],"wp:term":[{"taxonomy":"category","embeddable":true,"href":"https:\/\/www.xn--schtzengilde-mildstedt-ulc.de\/index.php?rest_route=%2Fwp%2Fv2%2Fcategories&post=1159"},{"taxonomy":"post_tag","embeddable":true,"href":"https:\/\/www.xn--schtzengilde-mildstedt-ulc.de\/index.php?rest_route=%2Fwp%2Fv2%2Ftags&post=1159"}],"curies":[{"name":"wp","href":"https:\/\/api.w.org\/{rel}","templated":true}]}}